{"id":109,"date":"2023-12-13T15:54:00","date_gmt":"2023-12-13T18:54:00","guid":{"rendered":"https:\/\/chilelacteo.cl\/2024\/?p=109"},"modified":"2024-02-26T15:57:26","modified_gmt":"2024-02-26T18:57:26","slug":"anuncian-fecha-para-congreso-internacional-y-exposicion-del-sector-lacteo-chilelacteo-2024","status":"publish","type":"post","link":"https:\/\/chilelacteo.cl\/2024\/anuncian-fecha-para-congreso-internacional-y-exposicion-del-sector-lacteo-chilelacteo-2024\/","title":{"rendered":"Anuncian fecha para Congreso Internacional y Exposici\u00f3n del Sector L\u00e1cteo, Chilel\u00e1cteo 2024"},"content":{"rendered":"\n<blockquote class=\"wp-block-quote is-layout-flow wp-block-quote-is-layout-flow\">\n<h4 class=\"wp-block-heading\">El evento que se realizar\u00e1 en Osorno tiene como lema \u00abpor un sector l\u00e1cteo m\u00e1s sostenible\u201d. Conoce cu\u00e1ndo se efectuar\u00e1.<\/h4>\n<\/blockquote>\n\n\n\n<p>Con el objetivo de generar un espacio de reuni\u00f3n, an\u00e1lisis, debate y comunicaci\u00f3n entre los eslabones de la cadena de valor de la leche, la Federaci\u00f3n Nacional de Productores de Leche (Fedeleche) anuncia que la 10\u00b0 versi\u00f3n del Congreso Internacional y Exposici\u00f3n del Sector L\u00e1cteo, Chilel\u00e1cteo 2024<strong>&nbsp;<\/strong>tendr\u00e1 lugar<strong>&nbsp;<\/strong>el mi\u00e9rcoles 26 y jueves 27 de junio de 2024.<\/p>\n\n\n\n<p>Desde Fedeleche se\u00f1alaron que el evento se realizar\u00e1 en el Centro de Convenciones del Hotel Sonesta de Osorno, que volver\u00e1 a recibir al principal encuentro del sector l\u00e1cteo de Chile tras dos a\u00f1os.&nbsp; La d\u00e9cima versi\u00f3n del evento<strong>&nbsp;<\/strong>contempla la participaci\u00f3n de expertos y profesionales destacados, adem\u00e1s de representantes de la producci\u00f3n nacional como de pa\u00edses referentes a nivel mundial, ejecutivos de las compa\u00f1\u00edas procesadoras y la exportaci\u00f3n de l\u00e1cteos, personeros gremiales, proveedores, juntos con personalidades del mundo acad\u00e9mico y autoridades.<\/p>\n\n\n\n<p>Bajo el lema&nbsp;<strong>\u00abpor un sector l\u00e1cteo m\u00e1s sostenible\u201d<\/strong>,<strong>&nbsp;<\/strong>este encuentro bianual de referencia para el mundo lechero, considera la presentaci\u00f3n de charlas y organizaci\u00f3n de paneles de debate en diferentes temas relevantes para el sector: Econom\u00eda sectorial, sostenibilidad, innovaci\u00f3n y avances tecnol\u00f3gicos, oportunidades de mercado, retos y aportes de la industria a la sociedad.<\/p>\n\n\n\n<p>El presidente de Fedeleche, Marcos Winkler, asegur\u00f3 que es un \u201chonor\u201d y \u201cun gran desaf\u00edo\u201d que Osorno vuelva a recibir a Chilel\u00e1cteo. \u201cEn estos tiempos de incertidumbre, es importante realzar lo importante que es la producci\u00f3n de leche, la elaboraci\u00f3n, innovaci\u00f3n y comercializaci\u00f3n de productos l\u00e1cteos, adem\u00e1s de destacar la contribuci\u00f3n que hacen nuestros productores al desarrollo rural, a la conservaci\u00f3n del medio ambiente y a la generaci\u00f3n de empleo y bienestar para la sociedad con productos l\u00e1cteos seguros, nutritivos y sostenibles\u201d.<\/p>\n\n\n\n<p>El personero del gremio explic\u00f3 que con este congreso se apunta al crecimiento de la cadena l\u00e1ctea a trav\u00e9s del intercambio de experiencias y conocimientos. \u201cHay enfrentar juntos como cadena los diversos retos que tenemos a\u00fan como pa\u00eds. Dar conocer las bondades y aumentar el consumo de leche, porque es de un alt\u00edsimo aporte nutricional, y poder ofrecer las se\u00f1ales a los productores de leche para seguir avanzando, lo que siempre se ha hecho en Chilel\u00e1cteo\u201d, concluy\u00f3 Winkler.<\/p>\n\n\n\n<p><em>Fuente: <a href=\"https:\/\/www.diariolechero.cl\/noticia\/actualidad\/2023\/12\/anuncian-fecha-para-congreso-internacional-y-exposicion-del-sector-lacteo-chilelacteo-2024\" target=\"_blank\" rel=\"noreferrer noopener\">diariolechero.cl<\/a><\/em><\/p>\n","protected":false},"excerpt":{"rendered":"<p>El evento que se realizar\u00e1 en Osorno tiene como lema \u00abpor un sector l\u00e1cteo m\u00e1s sostenible\u201d. Conoce cu\u00e1ndo se efectuar\u00e1. Con el objetivo de generar un espacio de reuni\u00f3n, an\u00e1lisis, debate y comunicaci\u00f3n entre los eslabones de la cadena de valor de la leche, la Federaci\u00f3n Nacional de Productores de Leche (Fedeleche) anuncia que la [&hellip;]<\/p>\n","protected":false},"author":1,"featured_media":115,"comment_status":"open","ping_status":"open","sticky":false,"template":"","format":"standard","meta":{"footnotes":""},"categories":[3],"tags":[],"class_list":["post-109","post","type-post","status-publish","format-standard","has-post-thumbnail","hentry","category-noticias"],"_links":{"self":[{"href":"https:\/\/chilelacteo.cl\/2024\/wp-json\/wp\/v2\/posts\/109","targetHints":{"allow":["GET"]}}],"collection":[{"href":"https:\/\/chilelacteo.cl\/2024\/wp-json\/wp\/v2\/posts"}],"about":[{"href":"https:\/\/chilelacteo.cl\/2024\/wp-json\/wp\/v2\/types\/post"}],"author":[{"embeddable":true,"href":"https:\/\/chilelacteo.cl\/2024\/wp-json\/wp\/v2\/users\/1"}],"replies":[{"embeddable":true,"href":"https:\/\/chilelacteo.cl\/2024\/wp-json\/wp\/v2\/comments?post=109"}],"version-history":[{"count":5,"href":"https:\/\/chilelacteo.cl\/2024\/wp-json\/wp\/v2\/posts\/109\/revisions"}],"predecessor-version":[{"id":114,"href":"https:\/\/chilelacteo.cl\/2024\/wp-json\/wp\/v2\/posts\/109\/revisions\/114"}],"wp:featuredmedia":[{"embeddable":true,"href":"https:\/\/chilelacteo.cl\/2024\/wp-json\/wp\/v2\/media\/115"}],"wp:attachment":[{"href":"https:\/\/chilelacteo.cl\/2024\/wp-json\/wp\/v2\/media?parent=109"}],"wp:term":[{"taxonomy":"category","embeddable":true,"href":"https:\/\/chilelacteo.cl\/2024\/wp-json\/wp\/v2\/categories?post=109"},{"taxonomy":"post_tag","embeddable":true,"href":"https:\/\/chilelacteo.cl\/2024\/wp-json\/wp\/v2\/tags?post=109"}],"curies":[{"name":"wp","href":"https:\/\/api.w.org\/{rel}","templated":true}]}}