{"id":120,"date":"2024-01-29T16:01:00","date_gmt":"2024-01-29T19:01:00","guid":{"rendered":"https:\/\/chilelacteo.cl\/2024\/?p=120"},"modified":"2024-02-26T16:03:35","modified_gmt":"2024-02-26T19:03:35","slug":"mercados-innovacion-y-sostenibilidad-los-ejes-centrales-del-congreso-internacional-chilelacteo-2024","status":"publish","type":"post","link":"https:\/\/chilelacteo.cl\/2024\/mercados-innovacion-y-sostenibilidad-los-ejes-centrales-del-congreso-internacional-chilelacteo-2024\/","title":{"rendered":"Mercados, innovaci\u00f3n y sostenibilidad: los ejes centrales del Congreso Internacional Chilel\u00e1cteo 2024"},"content":{"rendered":"\n<blockquote class=\"wp-block-quote is-layout-flow wp-block-quote-is-layout-flow\" style=\"font-style:normal;font-weight:700\">\n<h5 class=\"wp-block-heading\">La D\u00e9cima edici\u00f3n del Congreso Internacional y Exposici\u00f3n del Sector L\u00e1cteo, Chilel\u00e1cteo 2024, coincide con los 20 a\u00f1os de trayectoria de este gran evento, y abordar\u00e1 aspectos claves de la producci\u00f3n de leche y sus derivados l\u00e1cteos, las tendencias y nuevos mercados.<\/h5>\n<\/blockquote>\n\n\n\n<p>La D\u00e9cima edici\u00f3n del Congreso Internacional y Exposici\u00f3n del Sector L\u00e1cteo, Chilel\u00e1cteo 2024, coincide con los 20 a\u00f1os de trayectoria de este gran evento, y que abordar\u00e1 aspectos claves de la producci\u00f3n de leche y sus derivados l\u00e1cteos, las tendencias y nuevos mercados, estrategias de sostenibilidad y capacidad de innovaci\u00f3n, entre otros.&nbsp;<\/p>\n\n\n\n<p>Bajo el lema \u2018por un sector l\u00e1cteo m\u00e1s sostenible\u201d,&nbsp;la&nbsp;Federaci\u00f3n Nacional de Productores de Leche (Fedeleche), inform\u00f3 que se encuentra organizando la 10\u00b0 versi\u00f3n del&nbsp;Congreso Internacional y Exposici\u00f3n del Sector L\u00e1cteo, Chilel\u00e1cteo 2024, el cual se llevar\u00e1 cabo el mi\u00e9rcoles 26 y jueves 27 de junio.<\/p>\n\n\n\n<p>El evento&nbsp;tendr\u00e1 lugar en el Hotel Sonesta de la ciudad de Osorno y&nbsp;reunir\u00e1 a expertos a nivel mundial y nacional referentes en producci\u00f3n de leche, procesamiento de l\u00e1cteos, avances tecnol\u00f3gicos sustentables, comercializaci\u00f3n y promoci\u00f3n l\u00e1ctea con gran proyecci\u00f3n comercial.&nbsp; Adem\u00e1s, cuenta con el importante respaldo de las empresas e instituciones p\u00fablicas y privadas afines al desarrollo del sector, destacando nuevamente el apoyo de ProChile.<\/p>\n\n\n\n<p>Rodrigo Lav\u00edn, coordinador general, explic\u00f3 que al conmemorar 20 a\u00f1os el Congreso tiene como objetivo fomentar una mayor y mejor producci\u00f3n de leche, industrializaci\u00f3n y exportaciones con valor agregado, junto con promover las bondades del consumo de leche y destacar el aporte de la industria a la sociedad.<\/p>\n\n\n\n<p>\u201cEl sector l\u00e1cteo hoy es din\u00e1mico, competitivo y&nbsp;exige estar a la vanguardia no solo para lograr resultados econ\u00f3micos, sino adem\u00e1s para generar un&nbsp;impacto positivo en las distintas esferas de la sociedad, desde los productores, colaboradores a consumidores, comunidades&nbsp;y el medio ambiente\u201d, indic\u00f3.&nbsp;<\/p>\n\n\n\n<p>Agreg\u00f3 que, \u201cChilelacteo&nbsp;ofrece una constante capacidad de adaptaci\u00f3n a los nuevos desaf\u00edos,&nbsp;un an\u00e1lisis de los mercados internacionales, innovaci\u00f3n y sostenibilidad. Estos son algunos de los pilares del evento&nbsp;que adem\u00e1s considera una exposici\u00f3n ferial para&nbsp;conocer los \u00faltimos avances tecnol\u00f3gicos y c\u00f3mo diferenciarnos de nuestra competencia\u201d, agreg\u00f3.<\/p>\n\n\n\n<p><strong>Gran respuesta en la participaci\u00f3n en el sector ferial Chilel\u00e1cteo<\/strong><\/p>\n\n\n\n<p>La d\u00e9cima versi\u00f3n tendr\u00e1 la participaci\u00f3n de representantes de la producci\u00f3n nacional, ejecutivos de las compa\u00f1\u00edas procesadoras y la exportaci\u00f3n de l\u00e1cteos, personeros gremiales, proveedores, juntos con personalidades del mundo acad\u00e9mico y autoridades.<\/p>\n\n\n\n<p>En este sentido, Rodrigo Lav\u00edn destaca la gran respuesta de la cadena. \u201cEstamos muy entusiasmados como comit\u00e9 organizador por el gran \u00e9xito de participaci\u00f3n de las empresas m\u00e1s importantes del sector. A la fecha, quedan muy pocos stands disponibles\u201d.&nbsp;<\/p>\n\n\n\n<p>El evento tambi\u00e9n presentar\u00e1 avances tecnol\u00f3gicos, abordar\u00e1 los desaf\u00edos e innovaciones en la investigaci\u00f3n y programa de nuevos mercados junto con las perspectivas econ\u00f3micas para los productores y exportadores de l\u00e1cteos.&nbsp;<\/p>\n\n\n\n<p>Las personas interesadas en participar pueden encontrar m\u00e1s informaci\u00f3n en el siguiente sitio web y pronto podr\u00e1n acreditarse en&nbsp;<a href=\"https:\/\/chilelacteo.cl\/2024\/\">https:\/\/chilelacteo.cl\/2024\/<\/a><\/p>\n","protected":false},"excerpt":{"rendered":"<p>La D\u00e9cima edici\u00f3n del Congreso Internacional y Exposici\u00f3n del Sector L\u00e1cteo, Chilel\u00e1cteo 2024, coincide con los 20 a\u00f1os de trayectoria de este gran evento, y abordar\u00e1 aspectos claves de la producci\u00f3n de leche y sus derivados l\u00e1cteos, las tendencias y nuevos mercados. La D\u00e9cima edici\u00f3n del Congreso Internacional y Exposici\u00f3n del Sector L\u00e1cteo, Chilel\u00e1cteo 2024, [&hellip;]<\/p>\n","protected":false},"author":1,"featured_media":125,"comment_status":"open","ping_status":"open","sticky":false,"template":"","format":"standard","meta":{"footnotes":""},"categories":[3],"tags":[],"class_list":["post-120","post","type-post","status-publish","format-standard","has-post-thumbnail","hentry","category-noticias"],"_links":{"self":[{"href":"https:\/\/chilelacteo.cl\/2024\/wp-json\/wp\/v2\/posts\/120","targetHints":{"allow":["GET"]}}],"collection":[{"href":"https:\/\/chilelacteo.cl\/2024\/wp-json\/wp\/v2\/posts"}],"about":[{"href":"https:\/\/chilelacteo.cl\/2024\/wp-json\/wp\/v2\/types\/post"}],"author":[{"embeddable":true,"href":"https:\/\/chilelacteo.cl\/2024\/wp-json\/wp\/v2\/users\/1"}],"replies":[{"embeddable":true,"href":"https:\/\/chilelacteo.cl\/2024\/wp-json\/wp\/v2\/comments?post=120"}],"version-history":[{"count":5,"href":"https:\/\/chilelacteo.cl\/2024\/wp-json\/wp\/v2\/posts\/120\/revisions"}],"predecessor-version":[{"id":126,"href":"https:\/\/chilelacteo.cl\/2024\/wp-json\/wp\/v2\/posts\/120\/revisions\/126"}],"wp:featuredmedia":[{"embeddable":true,"href":"https:\/\/chilelacteo.cl\/2024\/wp-json\/wp\/v2\/media\/125"}],"wp:attachment":[{"href":"https:\/\/chilelacteo.cl\/2024\/wp-json\/wp\/v2\/media?parent=120"}],"wp:term":[{"taxonomy":"category","embeddable":true,"href":"https:\/\/chilelacteo.cl\/2024\/wp-json\/wp\/v2\/categories?post=120"},{"taxonomy":"post_tag","embeddable":true,"href":"https:\/\/chilelacteo.cl\/2024\/wp-json\/wp\/v2\/tags?post=120"}],"curies":[{"name":"wp","href":"https:\/\/api.w.org\/{rel}","templated":true}]}}