{"id":285,"date":"2024-02-29T09:56:04","date_gmt":"2024-02-29T12:56:04","guid":{"rendered":"https:\/\/chilelacteo.cl\/2024\/?p=285"},"modified":"2024-03-01T10:00:27","modified_gmt":"2024-03-01T13:00:27","slug":"de-la-innovacion-a-la-sostenibilidad-abordara-el-congreso-internacional-chilelacteo-2024-en-su-decima-version","status":"publish","type":"post","link":"https:\/\/chilelacteo.cl\/2024\/de-la-innovacion-a-la-sostenibilidad-abordara-el-congreso-internacional-chilelacteo-2024-en-su-decima-version\/","title":{"rendered":"De la innovaci\u00f3n a la sostenibilidad abordar\u00e1 el Congreso Internacional Chilel\u00e1cteo 2024 en su d\u00e9cima versi\u00f3n"},"content":{"rendered":"\n<h2 class=\"wp-block-heading\">El evento organizado por la&nbsp;Federaci\u00f3n Nacional de Productores de Leche (Fedeleche) este a\u00f1o tiene como lema \u00abpor un sector l\u00e1cteo m\u00e1s sostenible\u201d.<\/h2>\n\n\n\n<p>La D\u00e9cima edici\u00f3n del Congreso Internacional y Exposici\u00f3n del Sector L\u00e1cteo, Chilel\u00e1cteo 2024, coincide con los 20 a\u00f1os de trayectoria de este evento. &nbsp;<\/p>\n\n\n\n<p>En esta edici\u00f3n se abordar\u00e1n aspectos claves de la producci\u00f3n de leche y sus derivados l\u00e1cteos, las tendencias y nuevos mercados, estrategias de sostenibilidad y capacidad de innovaci\u00f3n, entre otros temas.&nbsp;<\/p>\n\n\n\n<p>Este a\u00f1o el lema que ha escogido la Federaci\u00f3n Nacional de Productores de Leche (Fedeleche), es \u00abpor un sector l\u00e1cteo m\u00e1s sostenible\u201d, y en su d\u00e9cima edici\u00f3n, Chilel\u00e1cteo se efectuar\u00e1 el mi\u00e9rcoles 26 y jueves 27 de junio en el Centro de Convenciones del Hotel Sonesta en Osorno.<\/p>\n\n\n\n<p><strong>Expertos y tecnolog\u00eda<\/strong><\/p>\n\n\n\n<p>El evento internacional reunir\u00e1 a expertos a nivel mundial y nacional referentes en producci\u00f3n de leche, procesamiento de l\u00e1cteos, avances tecnol\u00f3gicos sustentables, comercializaci\u00f3n y promoci\u00f3n l\u00e1ctea con gran proyecci\u00f3n comercial.&nbsp; Adem\u00e1s, cuenta con el importante respaldo de las empresas e instituciones p\u00fablicas y privadas afines al desarrollo del sector, destacando nuevamente el apoyo de ProChile.<\/p>\n\n\n\n<p>La d\u00e9cima versi\u00f3n tendr\u00e1 la participaci\u00f3n de representantes de la producci\u00f3n nacional, ejecutivos de las compa\u00f1\u00edas procesadoras y la exportaci\u00f3n de l\u00e1cteos, personeros gremiales, proveedores, juntos con personalidades del mundo acad\u00e9mico y autoridades.<\/p>\n\n\n\n<p>Se agrega adem\u00e1s la destacada y entusiasta participaci\u00f3n de diversas empresas involucradas al sector y que ya han confirmado su presencia en el evento, entre las que se cuentan Madero, Serlac, DeLaval, Iansa, Saesa Innova, Prokab, Cooprinsem, KWS, Adama, Soprole, SG 2000, Cooperativa Campos Australes, Gea, Drag Pharma, Futurocop, Nutrial, TopCalf, Tuniche, Aitec y Lely.<\/p>\n\n\n\n<p>El evento tambi\u00e9n presentar\u00e1 avances tecnol\u00f3gicos, abordar\u00e1 los desaf\u00edos e innovaciones en la investigaci\u00f3n y programa de nuevos mercados junto con las perspectivas econ\u00f3micas para los productores y exportadores de l\u00e1cteos.&nbsp;<\/p>\n\n\n\n<p>Fuente: <a href=\"https:\/\/www.diariolechero.cl\/noticia\/actualidad\/2024\/02\/de-la-innovacion-a-la-sostenibilidad-abordara-el-congreso-internacional-chilelacteo-2024-en-su-decima-version\">Diario Lechero<\/a><\/p>\n","protected":false},"excerpt":{"rendered":"<p>El evento organizado por la&nbsp;Federaci\u00f3n Nacional de Productores de Leche (Fedeleche) este a\u00f1o tiene como lema \u00abpor un sector l\u00e1cteo m\u00e1s sostenible\u201d. La D\u00e9cima edici\u00f3n del Congreso Internacional y Exposici\u00f3n del Sector L\u00e1cteo, Chilel\u00e1cteo 2024, coincide con los 20 a\u00f1os de trayectoria de este evento. &nbsp; En esta edici\u00f3n se abordar\u00e1n aspectos claves de la [&hellip;]<\/p>\n","protected":false},"author":1,"featured_media":286,"comment_status":"open","ping_status":"open","sticky":false,"template":"","format":"standard","meta":{"footnotes":""},"categories":[3],"tags":[],"class_list":["post-285","post","type-post","status-publish","format-standard","has-post-thumbnail","hentry","category-noticias"],"_links":{"self":[{"href":"https:\/\/chilelacteo.cl\/2024\/wp-json\/wp\/v2\/posts\/285","targetHints":{"allow":["GET"]}}],"collection":[{"href":"https:\/\/chilelacteo.cl\/2024\/wp-json\/wp\/v2\/posts"}],"about":[{"href":"https:\/\/chilelacteo.cl\/2024\/wp-json\/wp\/v2\/types\/post"}],"author":[{"embeddable":true,"href":"https:\/\/chilelacteo.cl\/2024\/wp-json\/wp\/v2\/users\/1"}],"replies":[{"embeddable":true,"href":"https:\/\/chilelacteo.cl\/2024\/wp-json\/wp\/v2\/comments?post=285"}],"version-history":[{"count":1,"href":"https:\/\/chilelacteo.cl\/2024\/wp-json\/wp\/v2\/posts\/285\/revisions"}],"predecessor-version":[{"id":287,"href":"https:\/\/chilelacteo.cl\/2024\/wp-json\/wp\/v2\/posts\/285\/revisions\/287"}],"wp:featuredmedia":[{"embeddable":true,"href":"https:\/\/chilelacteo.cl\/2024\/wp-json\/wp\/v2\/media\/286"}],"wp:attachment":[{"href":"https:\/\/chilelacteo.cl\/2024\/wp-json\/wp\/v2\/media?parent=285"}],"wp:term":[{"taxonomy":"category","embeddable":true,"href":"https:\/\/chilelacteo.cl\/2024\/wp-json\/wp\/v2\/categories?post=285"},{"taxonomy":"post_tag","embeddable":true,"href":"https:\/\/chilelacteo.cl\/2024\/wp-json\/wp\/v2\/tags?post=285"}],"curies":[{"name":"wp","href":"https:\/\/api.w.org\/{rel}","templated":true}]}}