{"id":443,"date":"2024-03-28T16:07:47","date_gmt":"2024-03-28T19:07:47","guid":{"rendered":"https:\/\/chilelacteo.cl\/2024\/?p=443"},"modified":"2024-03-28T16:08:57","modified_gmt":"2024-03-28T19:08:57","slug":"se-viene-el-evento-lechero-mas-importante-de-chile","status":"publish","type":"post","link":"https:\/\/chilelacteo.cl\/2024\/se-viene-el-evento-lechero-mas-importante-de-chile\/","title":{"rendered":"Se viene el evento lechero m\u00e1s importante de Chile"},"content":{"rendered":"\n<h2 class=\"wp-block-heading\">Las inscripciones ya se encuentran disponibles en chilelacteo.cl y hay descuentos por inscripciones anticipadas.<\/h2>\n\n\n\n<p>Este 26 y 27 de junio, se realizar\u00e1 la d\u00e9cima versi\u00f3n del Congreso Internacional y Exposici\u00f3n del Sector L\u00e1cteo, Chilel\u00e1cteo 2024 en Osorno, organizado por Fedeleche y sus gremios asociados, que contar\u00e1 con la participaci\u00f3n de destacados conferencistas nacionales e internacionales para conocer las principales novedades, tendencias y debatir el futuro de la lecher\u00eda.&nbsp;<\/p>\n\n\n\n<p>El objetivo del evento es analizar la situaci\u00f3n interna y mundial del sector l\u00e1cteo, generar informaci\u00f3n estrat\u00e9gica, difundir nuevas oportunidades y promover la oferta exportable. El evento contar\u00e1 con la participaci\u00f3n de&nbsp;m\u00e1s de 20 conferencistas entre internacionales y ponentes nacionales, referentes en producci\u00f3n de leche, procesamiento, tecnolog\u00edas sustentables y promoci\u00f3n l\u00e1ctea con proyecci\u00f3n comercial.<\/p>\n\n\n\n<p>Asimismo,\u00a0el Congreso lechero cuenta con un sector ferial, donde reconocidas empresas nacionales e internacionales exhibir\u00e1n sus servicios y tecnolog\u00edas sustentables.<\/p>\n\n\n\n<p>Chilel\u00e1cteo 2024&nbsp;cuenta con el respaldo de instituciones p\u00fablicas y privadas afines al desarrollo del sector, destacando el&nbsp;apoyo de ProChile.<\/p>\n\n\n\n<p>Las inscripciones ya se encuentran disponibles en la p\u00e1gina web<a href=\"https:\/\/chilelacteo.cl\/2024\/inscripciones\/\"><strong>&nbsp;chilelacteo.cl<\/strong><\/a>&nbsp;y existen descuentos especiales de 2X1 bajo el mismo Rut de socio de una Asociaci\u00f3n Gremial asociada a FEDELECHE, as\u00ed como descuentos por inscripciones anticipadas para estudiantes y p\u00fablico general.<\/p>\n\n\n\n<p>Revisa el video de promoci\u00f3n del evento del sector lechero m\u00e1s importante del pa\u00eds.<\/p>\n\n\n\n<figure class=\"wp-block-video\"><video controls src=\"https:\/\/chilelacteo.cl\/2024\/wp-content\/uploads\/2024\/03\/chilelacteo2024.mp4\"><\/video><\/figure>\n","protected":false},"excerpt":{"rendered":"<p>Las inscripciones ya se encuentran disponibles en chilelacteo.cl y hay descuentos por inscripciones anticipadas. Este 26 y 27 de junio, se realizar\u00e1 la d\u00e9cima versi\u00f3n del Congreso Internacional y Exposici\u00f3n del Sector L\u00e1cteo, Chilel\u00e1cteo 2024 en Osorno, organizado por Fedeleche y sus gremios asociados, que contar\u00e1 con la participaci\u00f3n de destacados conferencistas nacionales e internacionales [&hellip;]<\/p>\n","protected":false},"author":1,"featured_media":445,"comment_status":"open","ping_status":"open","sticky":false,"template":"","format":"standard","meta":{"footnotes":""},"categories":[3],"tags":[],"class_list":["post-443","post","type-post","status-publish","format-standard","has-post-thumbnail","hentry","category-noticias"],"_links":{"self":[{"href":"https:\/\/chilelacteo.cl\/2024\/wp-json\/wp\/v2\/posts\/443","targetHints":{"allow":["GET"]}}],"collection":[{"href":"https:\/\/chilelacteo.cl\/2024\/wp-json\/wp\/v2\/posts"}],"about":[{"href":"https:\/\/chilelacteo.cl\/2024\/wp-json\/wp\/v2\/types\/post"}],"author":[{"embeddable":true,"href":"https:\/\/chilelacteo.cl\/2024\/wp-json\/wp\/v2\/users\/1"}],"replies":[{"embeddable":true,"href":"https:\/\/chilelacteo.cl\/2024\/wp-json\/wp\/v2\/comments?post=443"}],"version-history":[{"count":1,"href":"https:\/\/chilelacteo.cl\/2024\/wp-json\/wp\/v2\/posts\/443\/revisions"}],"predecessor-version":[{"id":444,"href":"https:\/\/chilelacteo.cl\/2024\/wp-json\/wp\/v2\/posts\/443\/revisions\/444"}],"wp:featuredmedia":[{"embeddable":true,"href":"https:\/\/chilelacteo.cl\/2024\/wp-json\/wp\/v2\/media\/445"}],"wp:attachment":[{"href":"https:\/\/chilelacteo.cl\/2024\/wp-json\/wp\/v2\/media?parent=443"}],"wp:term":[{"taxonomy":"category","embeddable":true,"href":"https:\/\/chilelacteo.cl\/2024\/wp-json\/wp\/v2\/categories?post=443"},{"taxonomy":"post_tag","embeddable":true,"href":"https:\/\/chilelacteo.cl\/2024\/wp-json\/wp\/v2\/tags?post=443"}],"curies":[{"name":"wp","href":"https:\/\/api.w.org\/{rel}","templated":true}]}}