{"id":715,"date":"2024-04-15T17:52:17","date_gmt":"2024-04-15T21:52:17","guid":{"rendered":"https:\/\/chilelacteo.cl\/2024\/?p=715"},"modified":"2024-04-15T17:53:15","modified_gmt":"2024-04-15T21:53:15","slug":"invitan-a-participar-del-evento-lechero-mas-importante-de-chile-que-se-realizara-en-osorno","status":"publish","type":"post","link":"https:\/\/chilelacteo.cl\/2024\/invitan-a-participar-del-evento-lechero-mas-importante-de-chile-que-se-realizara-en-osorno\/","title":{"rendered":"Invitan a participar del evento lechero m\u00e1s importante de Chile que se realizar\u00e1 en Osorno"},"content":{"rendered":"\n<p>La Federaci\u00f3n Nacional de Productores de Leche (Fedeleche) anunci\u00f3 la realizaci\u00f3n del 10\u00b0 Congreso Internacional y Exposici\u00f3n del Sector L\u00e1cteo (Chilelacteo 2024). El evento lechero m\u00e1s importante de Chile se llevar\u00e1 a cabo los d\u00edas 26 y 27 de junio en el Centro de Convenciones del Hotel Sonesta de Osorno. Los interesados deben inscribirse en la p\u00e1gina web chilelacteo.cl<\/p>\n\n\n\n<p>Bajo el lema: \u2018Por un sector l\u00e1cteo m\u00e1s sostenible\u201d, la d\u00e9cima edici\u00f3n coincide con los 20 a\u00f1os de trayectoria del evento y ofrecer\u00e1 a los participantes un espacio de reuni\u00f3n, an\u00e1lisis, debate y comunicaci\u00f3n sobre las principales novedades, tendencias y futuro de este importante rubro agr\u00edcola, seg\u00fan comenta Rodrigo Lav\u00edn, coordinador general de Chilel\u00e1cteo 2024.<br><br>Adelant\u00f3 que Chilel\u00e1cteo 2024 trabaja en una propuesta novedosa, con un enfoque en sostenibilidad e innovaci\u00f3n, con contenidos y conferencistas que agreguen valor al sector l\u00e1cteo. \u201cHemos definido un programa ambicioso que incluye la participaci\u00f3n de referentes del mundo l\u00e1cteo internacional y nacional. Analizaremos la situaci\u00f3n actual y tambi\u00e9n con la mirada hacia adelante, d\u00f3nde est\u00e1n las oportunidades y los desaf\u00edos en producci\u00f3n, comercializaci\u00f3n y promoci\u00f3n de l\u00e1cteos\u201d, afirm\u00f3 Lav\u00edn.<br><br>\u201cY al igual que todas las versiones anteriores, se realizar\u00e1n diversas actividades complementarias como las charlas t\u00e9cnicas para productores, asesores y profesionales, el tradicional corte de cinta y cena entretenida, generando un espacio de encuentro y de esparcimiento para los asistentes al congreso y exposici\u00f3n ferial\u201d, detall\u00f3.<br><br>El coordinador general de Chilel\u00e1cteo invita a los productores a participar del principal evento lechero del pa\u00eds y record\u00f3 existen descuentos especiales de 2\u00d71 bajo el mismo Rut de socio de una Asociaci\u00f3n Gremial asociada a FEDELECHE, as\u00ed como descuentos por inscripciones anticipadas para estudiantes y p\u00fablico general.<br><br>Consign\u00f3 que en la versi\u00f3n del a\u00f1o 2022 participaron m\u00e1s de 500 asistentes entre productores de la zona central, centro \u2013 sur y sur de Chile, profesionales de la industria l\u00e1ctea, t\u00e9cnicos, asesores, empresas del rubro, gremios y autoridades nacionales y locales vinculadas al sector, siendo as\u00ed una muestra representativa de la cadena.<br><br>Finalmente, el coordinador general de Chilel\u00e1cteo 2024 destac\u00f3 la respuesta de las empresas e instituciones p\u00fablicas y privadas, especialmente de ProChile, con miras a potenciar el sector l\u00e1cteo nacional anunciando que la exposici\u00f3n ferial que acompa\u00f1a al evento, a la fecha, cuenta con el 100% de los stands confirmados.<br><br>\u201cEsto es una enorme motivaci\u00f3n para captar la amplia participaci\u00f3n de productores y ofrecer un potente congreso que se postula como una instancia de an\u00e1lisis y debate sectorial que contribuye a la necesaria comprensi\u00f3n de la coyuntura y la din\u00e1mica que mueve los mercados l\u00e1cteos\u201d, indic\u00f3 Lav\u00edn.<br>Los productores interesados en participar, pueden encontrar m\u00e1s informaci\u00f3n en el sitio web y acreditarse en chilelacteo.cl y\/o acercarse a su Asociaci\u00f3n Regional y consultar por inscripciones y bonificaciones especiales.<br><br>Radio SAGO ser\u00e1 medio oficial de Chile l\u00e1cteo 2024.<\/p>\n\n\n\n<p>Fuente: <a href=\"https:\/\/www.radiosago.cl\/invitan-a-participar-del-evento-lechero-mas-importante-de-chile-que-se-realizara-en-osorno\/\">Radio Sago<\/a><\/p>\n","protected":false},"excerpt":{"rendered":"<p>La Federaci\u00f3n Nacional de Productores de Leche (Fedeleche) anunci\u00f3 la realizaci\u00f3n del 10\u00b0 Congreso Internacional y Exposici\u00f3n del Sector L\u00e1cteo (Chilelacteo 2024). El evento lechero m\u00e1s importante de Chile se llevar\u00e1 a cabo los d\u00edas 26 y 27 de junio en el Centro de Convenciones del Hotel Sonesta de Osorno. Los interesados deben inscribirse en [&hellip;]<\/p>\n","protected":false},"author":1,"featured_media":717,"comment_status":"open","ping_status":"open","sticky":false,"template":"","format":"standard","meta":{"footnotes":""},"categories":[3],"tags":[],"class_list":["post-715","post","type-post","status-publish","format-standard","has-post-thumbnail","hentry","category-noticias"],"_links":{"self":[{"href":"https:\/\/chilelacteo.cl\/2024\/wp-json\/wp\/v2\/posts\/715","targetHints":{"allow":["GET"]}}],"collection":[{"href":"https:\/\/chilelacteo.cl\/2024\/wp-json\/wp\/v2\/posts"}],"about":[{"href":"https:\/\/chilelacteo.cl\/2024\/wp-json\/wp\/v2\/types\/post"}],"author":[{"embeddable":true,"href":"https:\/\/chilelacteo.cl\/2024\/wp-json\/wp\/v2\/users\/1"}],"replies":[{"embeddable":true,"href":"https:\/\/chilelacteo.cl\/2024\/wp-json\/wp\/v2\/comments?post=715"}],"version-history":[{"count":2,"href":"https:\/\/chilelacteo.cl\/2024\/wp-json\/wp\/v2\/posts\/715\/revisions"}],"predecessor-version":[{"id":718,"href":"https:\/\/chilelacteo.cl\/2024\/wp-json\/wp\/v2\/posts\/715\/revisions\/718"}],"wp:featuredmedia":[{"embeddable":true,"href":"https:\/\/chilelacteo.cl\/2024\/wp-json\/wp\/v2\/media\/717"}],"wp:attachment":[{"href":"https:\/\/chilelacteo.cl\/2024\/wp-json\/wp\/v2\/media?parent=715"}],"wp:term":[{"taxonomy":"category","embeddable":true,"href":"https:\/\/chilelacteo.cl\/2024\/wp-json\/wp\/v2\/categories?post=715"},{"taxonomy":"post_tag","embeddable":true,"href":"https:\/\/chilelacteo.cl\/2024\/wp-json\/wp\/v2\/tags?post=715"}],"curies":[{"name":"wp","href":"https:\/\/api.w.org\/{rel}","templated":true}]}}