{"id":974,"date":"2024-06-19T17:54:04","date_gmt":"2024-06-19T21:54:04","guid":{"rendered":"https:\/\/chilelacteo.cl\/2024\/?p=974"},"modified":"2024-06-19T17:56:06","modified_gmt":"2024-06-19T21:56:06","slug":"chilelacteo-2024-en-tierra-derecha-26-y-27-de-junio-en-osorno","status":"publish","type":"post","link":"https:\/\/chilelacteo.cl\/2024\/chilelacteo-2024-en-tierra-derecha-26-y-27-de-junio-en-osorno\/","title":{"rendered":"\u00abChilel\u00e1cteo 2024\u201d en tierra derecha, 26 y 27 de junio en Osorno"},"content":{"rendered":"\n<p>Est\u00e1 todo listo para el 10\u00b0 Congreso Internacional y Exposici\u00f3n del Sector L\u00e1cteo, Chilel\u00e1cteo 2024, el cual se desarrollar\u00e1 durante dos d\u00edas en las salas de convenciones del Hotel Sonesta de Osorno. Sobre ello conversamos con el coordinador, Rodrigo Lav\u00edn, en \u201cCampo al d\u00eda\u201d.<\/p>\n\n\n\n<iframe style=\"border-radius:12px\" src=\"https:\/\/open.spotify.com\/embed\/show\/5rBEDJ1HmmDXQQfGyxqANc?utm_source=generator\" width=\"100%\" height=\"352\" frameBorder=\"0\" allowfullscreen=\"\" allow=\"autoplay; clipboard-write; encrypted-media; fullscreen; picture-in-picture\" loading=\"lazy\"><\/iframe>\n","protected":false},"excerpt":{"rendered":"<p>Est\u00e1 todo listo para el 10\u00b0 Congreso Internacional y Exposici\u00f3n del Sector L\u00e1cteo, Chilel\u00e1cteo 2024, el cual se desarrollar\u00e1 durante dos d\u00edas en las salas de convenciones del Hotel Sonesta de Osorno. Sobre ello conversamos con el coordinador, Rodrigo Lav\u00edn, en \u201cCampo al d\u00eda\u201d.<\/p>\n","protected":false},"author":1,"featured_media":979,"comment_status":"open","ping_status":"open","sticky":false,"template":"","format":"standard","meta":{"footnotes":""},"categories":[3],"tags":[],"class_list":["post-974","post","type-post","status-publish","format-standard","has-post-thumbnail","hentry","category-noticias"],"_links":{"self":[{"href":"https:\/\/chilelacteo.cl\/2024\/wp-json\/wp\/v2\/posts\/974","targetHints":{"allow":["GET"]}}],"collection":[{"href":"https:\/\/chilelacteo.cl\/2024\/wp-json\/wp\/v2\/posts"}],"about":[{"href":"https:\/\/chilelacteo.cl\/2024\/wp-json\/wp\/v2\/types\/post"}],"author":[{"embeddable":true,"href":"https:\/\/chilelacteo.cl\/2024\/wp-json\/wp\/v2\/users\/1"}],"replies":[{"embeddable":true,"href":"https:\/\/chilelacteo.cl\/2024\/wp-json\/wp\/v2\/comments?post=974"}],"version-history":[{"count":4,"href":"https:\/\/chilelacteo.cl\/2024\/wp-json\/wp\/v2\/posts\/974\/revisions"}],"predecessor-version":[{"id":978,"href":"https:\/\/chilelacteo.cl\/2024\/wp-json\/wp\/v2\/posts\/974\/revisions\/978"}],"wp:featuredmedia":[{"embeddable":true,"href":"https:\/\/chilelacteo.cl\/2024\/wp-json\/wp\/v2\/media\/979"}],"wp:attachment":[{"href":"https:\/\/chilelacteo.cl\/2024\/wp-json\/wp\/v2\/media?parent=974"}],"wp:term":[{"taxonomy":"category","embeddable":true,"href":"https:\/\/chilelacteo.cl\/2024\/wp-json\/wp\/v2\/categories?post=974"},{"taxonomy":"post_tag","embeddable":true,"href":"https:\/\/chilelacteo.cl\/2024\/wp-json\/wp\/v2\/tags?post=974"}],"curies":[{"name":"wp","href":"https:\/\/api.w.org\/{rel}","templated":true}]}}